{"id":1936,"date":"2020-03-09T09:30:42","date_gmt":"2020-03-09T09:30:42","guid":{"rendered":"https:\/\/triptown.de\/?p=1936"},"modified":"2020-04-03T10:25:40","modified_gmt":"2020-04-03T10:25:40","slug":"what-the-fuck","status":"publish","type":"post","link":"https:\/\/triptown.de\/?p=1936","title":{"rendered":"Ich habe keine Angst, ich bin w\u00fctend!"},"content":{"rendered":"<p>Durchgeknallte Killerkommandos mit Verbindungen zu Verfassungsschutz, Polizei, KSK und Bundeswehr machen wieder Jagd auf &#8222;Meinesgleichen&#8220;! Die rassistischen Amokl\u00e4ufe finden gerade in einer solch dichten Abfolge statt, dass einem schwindlig wird. Der ehemalige Verfassungsschutzpr\u00e4sident dieses Staates, dessen Angeh\u00f6riger ich bin, fordert von der CDU-Fraktion im Th\u00fcringer Landtag, dass sie \u201cmit ihren Stimmen einen MP der SED\/Linke auf jeden Fall verhindern&#8220; m\u00f6ge, was im Gegenschlu\u00df bedeutet, sie m\u00f6gen doch bitte ihre Stimme dem Kandidaten der AFD geben. Fl\u00fcchtlinge werden an der EU-Au\u00dfengrenze von griechischen Grenzposten ermordet, nachdem sie von der t\u00fcrkischen Regierung dort als Kanonenfutter hingetrieben wurden. Rechtsradikale deutsche PolitikerInnen fordern schon seit l\u00e4ngerem den Einsatz von scharfer Munition bei Grenz\u00fcbertretungen durch Gefl\u00fcchtete. Die griechische Grenzpolizei setzt das jetzt um und wird von der EU-Kommisionspr\u00e4sidentin daf\u00fcr gelobt mit den Worten: \u201cWir danken der griechischen Regierung, die den Schutzschild f\u00fcr die EU darstellt. Wovor wollt ihr euch sch\u00fctzen? Und wer sch\u00fctzt bitte den Rest der Welt vor euch und vor euren Waffen?<\/p>\n<p>Daf\u00fcr kriegen die zuvor als undiszipliniert und verschwenderisch gescholtenen und in den finanziellen Ruin getriebenen Griechen nun doch ein finanzielles Hilfspaket, aber nicht f\u00fcr die Betreuung der Gefl\u00fcchteten, sondern f\u00fcr ihre Grenzpatroullien. Derweil terrorisieren griechische rechtsradikale Identit\u00e4re die hilflosen Menschen, die eh nichts haben und um ihr nacktes \u00dcberleben bangen, attackieren JournalistInnen und internationale Helfer und Helferinnen. Deutsche Identit\u00e4re bilden Aktionstrupps und machen sich auf die Reise, um ihren griechischen Gesinnungsam\u00f6ben beizustehen. Die t\u00fcrkische Regierung gibt den Duktus vor, Europa springt hysterisch im Kreis und bl\u00e4ht die Fl\u00fcchtlingskrise zur Existenzproblematik auf, getrieben von den faschistischen Lagern, die sie politisch in die Enge treiben.<\/p>\n<p>&#8230;die tragischerweise auch noch dazu in der Lage sind, einen ganzen Kontinent &#8211; der sich wie kein anderer als Epizentrum der demokratischen Gesinnung begreift &#8211; in die Enge zu treiben. Warum? Weil die Europ\u00e4er sich anscheinend heimlich doch ein Sicherheitsrelais f\u00fcr ihre Existenz\u00e4ngste erhalten haben: n\u00e4mlich den Rassismus. Ja, es ist sehr traurig, aber das gro\u00dfm\u00e4ulige Europa zerbricht in eitler Selbstbeweihr\u00e4ucherung an seinen eigenen Idealen, die es wohl schon immer zu weit unten im Regal eingeordnet hatte. Gaaaaaaanz weit unten. Ist das etwa das Europa, das zwei Weltkriege mit Millionen Toten hinter sich gebracht hat und seit Jahrzehnten dem Rest der Welt Aufarbeitungs-Lektionen erteilt?<\/p>\n<p>Die Faschisten marschieren wieder. Besonders dreist tun sie das aber in Deutschland. Und an dieser Stelle hole ich ganz ungeniert wieder meine altbew\u00e4hrte Nazikeule raus, auch wenn so mancher meiner deutsch-deutschen StaatsgenossInnen jetzt wieder die Augen verdrehen mag: Wenn sich wer angesprochen f\u00fchlt, um so besser! Dabei ist es mir schei\u00dfegal, welchem politischen Lager er oder sie angeh\u00f6rt. Ich war lange naiv genug, den Deutschen die faschistische Kontinuit\u00e4t in ihrem Staatsgebilde und in der Zivilgesellschaft wieder und wieder klar machen zu wollen. Der Knackpunk liegt dabei vor allem an dem mangelnden Wissen, um die Nazistrukturen in den staatlichen Institutionen. Die Geschichte der Nachkriegszeit ist f\u00fcr den permanenten Rechtsdrang der letzten Jahrzehnte in der Gesellschaft entscheidender, als die des 3. Reiches selber.<\/p>\n<p>Die RassistInnen und FaschistInnen sitzen in der Politik, Jusitz, im Verfassungsschutz, im BND, Polizeiapparat, Bundeswehr, in Sondereinsatztrupps, in Verlagen, Think Tanks etc. etc. etc.. Auch bin ich der Meinung, dass es sie in allen politischen Parteien gibt. Wir m\u00fcssen uns immer noch und gerade jetzt mit diesem Thema auseinandersetzen und um unsere gemeinsamen menschlichen Werte k\u00e4mpfen. Es wird nie eine Zeit geben, in der man sich gem\u00fctlich nach hinten lehnen kann und sagen kann: \u201cWir haben unsere faschistische Vergangenheit komplett aufgearbeitet. Diese Gefahr ist \u00fcberwunden\u201d. Und es gab diese Zeit auch noch nie. Wer das nicht akzeptiert, verpennt das entscheidende Momentum und das f\u00fchrt uns wieder zu der fundierten Weisheit: \u201cWer in der Demokratie schl\u00e4ft, wacht in der Diktatur auf!\u201d<\/p>\n<p>Nein ich habe keine Angst! Ich bin w\u00fctend! Insbesondere ob der anmassenden Haltung mit der rechtsradikale Wahnsinnige in diesem Land meinen, hier die Agenda bestimmen zu k\u00f6nnen. Noch mehr bin ich jedoch sauer auf diejenigen, die dazu einfach nur schweigen, nichts tun und nichts sagen! Diejenigen, die sich berieseln lassen von der Angst, die die PopulistInnen geschickt erzeugen und sich einm\u00fcmmeln in das letzte bisschen wohlige Identit\u00e4t, die \u00fcbriggeblieben ist vom Wirtschaftswunderwohlstand und der Demokratieverhei\u00dfung der Nachkriegszeit. Sie haben sich \u00fcber Jahrzehnte so wohl und sicher gef\u00fchlt in ihrem Selbstbild des\/r selbstgerechten Europ\u00e4ers\/in, dass sie tats\u00e4chlich meinten, sie w\u00e4ren immun gegen alles Schlechte im Menschen. Besonders in Deutschland hielt der Glaube lange an, mit dem Marschallplan von der Seuche der Nazis \u201cfreigekauft\u201d worden zu sein. Aber nun merken auch die hartn\u00e4ckigsten unter ihnen bewu\u00dft oder unbewu\u00dft, dass dies nie der Fall war, dass der deutsche Nationalsozialismus immer noch tief verankert ist in dieser Gesellschaft.<\/p>\n<p>Nun ist die Frage: wie reagiert die sogenannte \u201cMitte der Gesellschaft\u201d? Mit dieser Frage steht und f\u00e4llt auch das Schicksal der AFD: Wird die Mitte sich beherzt auf die Seite der Verfassung und der Demokratie stellen, so wie L\u00fcbcke damals in Kassel, oder wird sie sich wohlfeil und hilflos in ihre Angst zur\u00fcckziehen, den rechten PopulistInnen Raum geben und sich ihre Argumente sch\u00f6nreden und nachbl\u00f6ken aus reiner Tr\u00e4gheit, Verantwortung zu \u00fcbernehmen? Verantwortung f\u00fcr sich, die menschlichen Grundwerte und f\u00fcr die eigene W\u00fcrde!<\/p>\n<p>Genau die, die bisher mit lauter Stimme und besserwisserischer Miene mir von der Aufarbeitung der deutschen Nazivergangenheit und der deutschen Verfassung daherdoziert haben. Genau die, von denen man jetzt auf einmal gar nichts mehr h\u00f6rt. GENAU DIE! Genau dieselben, die jetzt ganz betreten und gesenkten Hauptes meinen: \u201cDas h\u00e4tte man sich doch nie denken k\u00f6nnen!\u201d und damit das Thema mit der selben Selbstgef\u00e4lligkeit vom Tisch fegen.<\/p>\n<p>Wer mir jetzt mit der Leier kommt, ich solle nicht so \u00fcbertreiben, den oder die will ich nur daran erinnern: Faschos nehmen tagt\u00e4glich unschuldigen Menschen ihr Leben! Sie morden ohne Gewissen, ohne Skrupel und sie scheuen sich auch nicht, das Kind beim Namen zu nennen: Sie hassen \u201cdie Anderen\u201d. Aber eigentlich hassen sie Menschen. Sie haben einen tiefen Drang danach, zu hassen. Woher dieser Drang kommt, kann ich nur in Anst\u00e4tzen erahnen. Ich tippe mal darauf, dass er aus einer tiefen Autoaggression entsteht, die Menschenmassen ergreift, die das Vertrauen in ein \u00fcbergreifendes funktionales Staatssystem verloren haben. Wenn Staatsger\u00fcste zum Steigb\u00fcgelhalter der neoliberalen globalen Konzerne geworden sind, die ihnen dazu verhelfen, die gro\u00dfen Kapitalstr\u00f6me dieser Welt ungeniert in ihre Kontrolle zu bekommen und dabei die Steuerlast und die wirtschaftlichen Defizite geschickt auf die Bev\u00f6lkerung abzuw\u00e4lzen. Genau das ist die beste Grundvoraussetzung f\u00fcr das Erstarken der Rechten, deren Job es ist, geduldig in der Ecke zu warten, um im geeigneten Moment die Existenz\u00e4ngste der Massen mit populistischen Mitteln in leicht beherrschbare v\u00f6lkisch-nationale und rassistische Kan\u00e4le zu leiten.<\/p>\n<p>Das Schlimme am Faschismus ist: er ist keine Ideologie. Er kann sich aber in jeder Ideologie einnisten. Also glaubt ja nicht, ihr seid davor gefeit, nur weil ihr Linke, Sozis, aus der Arbeiterklasse seid, von Holocaustopfern abstammt, oder einer verfolgten Religion, oder Gesinnung angeh\u00f6rt. Er kann \u00fcberall auftauchen, auch in dir, in mir! Hass ist der Gegenpol zu Liebe und genauso wie diese kann er \u00fcberall auftauchen. Er w\u00e4chst, wenn man ihn pflegt und verk\u00fcmmert, wenn man sich von ihm abwendet.<\/p>\n<p>Ich habe keine Angst! Vor Niemandem! Ich bin mir nur der Bedrohung bewusst. Genau deswegen werde ich dem deutschen Innenminister die Aussage nie verzeihen, die Migration w\u00e4re die Muter allen \u00dcbels. Falls er sich als halbwegs gebildeten Menschen begreift, dann m\u00fc\u00dfte er &#8211; der sich nicht nur Innen-, sondern auch Heimatminister schimpft &#8211; dem\u00fctigst einsehen, dass die Migration\u00a0 MITNICHTEN die Mutter allen \u00dcbels, sondern die Mutter jeglicher Kultur und Zivilisation ist und auch schon immer war! Da lohnt ein Blick ins Geschichtsbuch! Ohne Migration h\u00e4tte es die Rainessance nie gegeben und die Grundlage seiner Partei \u2013 das Christentum &#8211; w\u00e4re auch nie in Europa angekommen, wenn die 12 Apostel nicht in alle Windrichtungen geeilt w\u00e4ren um &#8222;Gottes Wort zu verbreiten&#8220; &#8211; sozusagen als &#8222;Illegale und nicht gern gesehene&#8220; wandernde Missionare. Das Wort Ostern kommt von Osten und so manches andere, was in der Grundsubstanz einer \u201cchristlich-westlichen Welt\u201d nicht fehlen darf auch. Auf die alte Leier mit dem Weihnachtsbaum und dem Mithraskult verzichte ich jetzt gro\u00dfz\u00fcgig, um dem\/r geneigten Leser\/in nicht die Geduld zu rauben.<\/p>\n<p>Ich hatte damals &#8211; das war 2018 &#8211; bei einer Ansprache darauf erwidert, dass ich diese Aussage nicht nur als ein Zeichen von historischem Unverst\u00e4ndnis, abgrundtiefer Hohlk\u00f6pfigkeit und als eine Beleidigung f\u00fcr mich und Meinesgleichen erachte, sondern auch als eine \u201cBedrohung\u201d. Jetzt wird mir wieder einmal auf tragische Art bewu\u00dft, wie Recht ich hatte!<\/p>\n<p>Wenn ich so rede, werde ich oft von verwunderten FreundInnen angesprochen, ob die Angst schon so sehr in meinen Alltag einzug gehalten h\u00e4tte? Ich antworte darauf aber: \u201cNein, ich habe keine Angst! Schon gar nicht vor Leuten, die sich in der direkten Nachfolge einer Verlierergesinnung sehen, die in der Geschichte schon f\u00fcr so viel Elend verantwortlich war, 2 Weltkriege provoziert und beide auch noch armselig verloren hat! Faschismus ist die Gesinnung von Verlierern!<\/p>\n<p>FaschistInnen und NationalistInnen sind willf\u00e4hriges Verf\u00fcgungsmaterial f\u00fcr den neoliberalen Haifischkapitalismus und mehr nicht. Sie sind weder besonders gewieft, noch argumentieren sie geschickt. Wenn es nun so weit kommen konnte, dann deswegen, weil man sie gew\u00e4hren l\u00e4sst. Das war damals so und so ist es auch heute noch. Dessen m\u00fcssen wir uns immer gewahr sein!<\/p>\n<p>Die Politik und die denkende Elite hat nun endlich erkannt, woher die Gefahr kommt. N\u00c4MLCH VON RECHTS! Auch Herr J\u00fcrgen Habermas hat sich nun klar und eindeutig dazu ge\u00e4u\u00dfert. Daf\u00fcr geb\u00fchrt ihm unser aller Dank. <a href=\"https:\/\/www.tagesspiegel.de\/kultur\/juergen-habermas-ueber-rechtspopulisten-habe-kein-verstaendnis-dafuer-wutbuerger-in-watte-zu-packen\/25633584.html\" target=\"_blank\" rel=\"noopener\"><strong>Aber die Tatsache, dass sogar er die migrantischst\u00e4mmigen Opfer der letzten Anschl\u00e4ge nicht mit einem Wort nennt<\/strong><\/a>, zeigt die Visions- und Empathielosigkeit, in der die deutsche Gesellschaft\u00a0steckt.<\/p>\n<p>Meine lieben deutsch-deutschen Mitb\u00fcrgerInnen: Ihr werdet es nie verm\u00f6gen, diese Angelegenheit mit &#8222;euren Nazis&#8220; im Alleingang zu regeln. Auch so gewaltige Hirne wie Habermas werden mit gro\u00dfen Worten nicht weiter kommen! Es wird \u00fcberhaupt nichts helfen. Eure wei\u00df-wei\u00dfen Antirassismusaktionen und gro\u00dfen Benefizkonzerte werden nichts aber gar nichts bringen.<\/p>\n<p>Das einzige, was hilft ist folgendes: Ihr m\u00fcsst erkennen, dass wir nur dann mehr sind, als die, wenn ihr uns migrantische Mitmenschen als ein gesellschaftliches Potential erkennt und auch zu Worte kommen lasst, wenn wir eingeladen werden, sichtbar und h\u00f6rbar werden bei all diesen Veranstaltungen! Auch, wenn euch das Deutsch von einigen von uns nicht gefallen mag. Wir sind nicht auf euren guten Willen und eure Toleranz angewiesen, sondern wir alle sind zusammen auf unser aller uneingeschr\u00e4nkte Kraft angewiesen. Auch ihr! Ihr seid nicht alleine mit eurer historischen Verantwortung und alleine schafft ihr das auch nicht. Wir sind genau so Deutsche, wie Ihr auch und wir haben kraftvolle Stimmen! Lasst uns gemeinsam aufstehen, organisieren, sprechen, singen und uns \u00e4u\u00dfern. H\u00f6rt uns zu! Es lohnt sich. Ich sage das jetzt schon zum zigtausendsten mal! Bisher habe ich nur zustimmendes Nicken und Schulterklopfen daf\u00fcr erhalten. Diesmal erwarten wir mehr. Die Zeit dr\u00e4ngt! Gedenkt der Opfer der Anschl\u00e4ge. Nennt sie beim Namen! Macht sie sichtbar! Das sind auch eure Opfer. Das sind keine Fremden. La\u00dft sie uns nicht vergessen!!!!<\/p>\n<p>Hier kann man f\u00fcr ihre Angeh\u00f6rigen spenden:\u00a0<a href=\"https:\/\/www.amadeu-antonio-stiftung.de\/hanau\/\" target=\"_blank\" rel=\"noopener\" data-cke-saved-href=\"https:\/\/www.amadeu-antonio-stiftung.de\/hanau\/\"><strong>Die Amadeo-Antonio-Stiftung sammelt\u00a0Spenden f\u00fcr die Opfer von Hanau.<\/strong><\/a><\/p>\n<p>In diesem Sinne: bitte geht w\u00e4hlen und w\u00e4hlt was Gescheites! Das ist durchaus m\u00f6glich. Wir leben immer noch in einem demokratischen Land, das einem als Staatsb\u00fcrgerIn genug M\u00f6glichkeiten bietet, seinen politischen Willen zu manifestieren. Man mu\u00df es nur wollen.<\/p>\n","protected":false},"excerpt":{"rendered":"<p>Durchgeknallte Killerkommandos mit Verbindungen zu Verfassungsschutz, Polizei, KSK und Bundeswehr machen wieder Jagd auf &#8222;Meinesgleichen&#8220;! Die rassistischen Amokl\u00e4ufe finden gerade in einer solch dichten Abfolge statt, dass einem schwindlig wird. Der ehemalige Verfassungsschutzpr\u00e4sident dieses Staates, dessen Angeh\u00f6riger ich bin, fordert &hellip; <a href=\"https:\/\/triptown.de\/?p=1936\">Weiterlesen <span class=\"meta-nav\">&rarr;<\/span><\/a><\/p>\n","protected":false},"author":1,"featured_media":1945,"comment_status":"open","ping_status":"open","sticky":false,"template":"","format":"standard","meta":{"footnotes":""},"categories":[46],"tags":[],"class_list":["post-1936","post","type-post","status-publish","format-standard","has-post-thumbnail","hentry","category-essays"],"_links":{"self":[{"href":"https:\/\/triptown.de\/index.php?rest_route=\/wp\/v2\/posts\/1936","targetHints":{"allow":["GET"]}}],"collection":[{"href":"https:\/\/triptown.de\/index.php?rest_route=\/wp\/v2\/posts"}],"about":[{"href":"https:\/\/triptown.de\/index.php?rest_route=\/wp\/v2\/types\/post"}],"author":[{"embeddable":true,"href":"https:\/\/triptown.de\/index.php?rest_route=\/wp\/v2\/users\/1"}],"replies":[{"embeddable":true,"href":"https:\/\/triptown.de\/index.php?rest_route=%2Fwp%2Fv2%2Fcomments&post=1936"}],"version-history":[{"count":18,"href":"https:\/\/triptown.de\/index.php?rest_route=\/wp\/v2\/posts\/1936\/revisions"}],"predecessor-version":[{"id":1956,"href":"https:\/\/triptown.de\/index.php?rest_route=\/wp\/v2\/posts\/1936\/revisions\/1956"}],"wp:featuredmedia":[{"embeddable":true,"href":"https:\/\/triptown.de\/index.php?rest_route=\/wp\/v2\/media\/1945"}],"wp:attachment":[{"href":"https:\/\/triptown.de\/index.php?rest_route=%2Fwp%2Fv2%2Fmedia&parent=1936"}],"wp:term":[{"taxonomy":"category","embeddable":true,"href":"https:\/\/triptown.de\/index.php?rest_route=%2Fwp%2Fv2%2Fcategories&post=1936"},{"taxonomy":"post_tag","embeddable":true,"href":"https:\/\/triptown.de\/index.php?rest_route=%2Fwp%2Fv2%2Ftags&post=1936"}],"curies":[{"name":"wp","href":"https:\/\/api.w.org\/{rel}","templated":true}]}}