{"id":1604,"date":"2018-06-20T16:39:39","date_gmt":"2018-06-20T16:39:39","guid":{"rendered":"https:\/\/triptown.de\/?p=1604"},"modified":"2018-07-05T13:59:25","modified_gmt":"2018-07-05T13:59:25","slug":"triptown-aktuell-fussball","status":"publish","type":"post","link":"https:\/\/triptown.de\/?p=1604","title":{"rendered":"Triptown aktuell: Fu\u00dfball"},"content":{"rendered":"<p>Ich nenne grunds\u00e4tzlich keine Namen, sondern finde immer Umschreibungen f\u00fcr Personen, die ich nicht unterst\u00fctze. Das ist mein Beitrag zum Medienzeitalter. Keine pers\u00f6nliche Nennungen, keine Portraits, keine Links zu Seiten mit Nachrichten \u00fcber Idioten, Despoten, oder Dummk\u00f6pfe (ich habe bewusst die m\u00e4nnliche Endung gew\u00e4hlt, denn insbesondere in diesem Bereich tummeln sich vorwiegend M\u00e4nner). Was das bringen soll? Ich denke schon, dass es etwas bringt, wenn der Name einmal weniger im digitalen \u00c4ther erscheint, denn Aufmerksamkeit und Erw\u00e4hnung ist Promo, ob negativ oder positiv ist in der heutigen Zeit schei\u00dfegal.<\/p>\n<p>Einen essentiell wichtigen Teil der neueren Geschichte Deutschlands stellt momentan ein t\u00fcrkisch-st\u00e4mmiger Fu\u00dfball-Nationalspieler dar, der nicht nur durch seine \u00fcberdimensional erfolgreiche sportliche Performance der letzten Jahre enorm hohe Popularit\u00e4t erlangt hat, sondern vor allem weil er &#8211; im Gegensatz zu all den lauten, populistischen Arschl\u00f6chern dieser Welt &#8211; mit einer beharrlichen Sprachlosigkeit es vermag, die Medienaufmerksamkeit in einer fast magischen Weise auf sich zu lenken. Vor einigen Jahren schon erzeugte er einen Eklat alleine dadurch, dass er die deutsche Nationalhymne vor L\u00e4nderspielen &#8222;NICHT&#8220; mitgesungen hat. Er \u00fcbt somit enormen Einfluss auf die Stimmung und den gehobenen Diskurs in Deutschlands Fu\u00dfball-Elite, aber auch auf die breite Masse einer der m\u00e4chtigsten Fu\u00dfball-Nationen der Welt aus. Er ist ein Ph\u00e4nomen. Das muss man anerkennen. Je l\u00e4nger er schweigt, desto kaskadenartiger \u00fcberschlagen sich die Meldungen in der Presse. Ihr wisst, um wen es geht. Zumindest daf\u00fcr hat er einen Innovative Social Media Strategies Award verdient (gibt&#8217;s sowas eigentlich?)!<\/p>\n<p>By the way: Man sollte in erster Linie dankbar sein, dass er seinen Mund nicht \u00f6ffnet, um Statements von sich zu geben, denn wer wei\u00df, was da aus so einem Kickerhirn herausquillen w\u00fcrde? Man ist ja so einiges gew\u00f6hnt! Er ist sich wohl auch dessen bewusst, dass er nicht unbedingt der hellste ist. Diese zielsichere Selbsteinsch\u00e4tzung und die daraus folgende konsequente Haltung finde ich brilliant! Auf dem Rasen und auf dem Spielfeld der \u00d6ffentlichkeit ist der Mann gro\u00dfe Klasse, da gibt&#8217;s nichts zu sagen.<\/p>\n<p>Gerade jetzt hat er einen weiteren H\u00f6hepunkt in Sachen \u00f6ffentlicher Aufmerksamkeit erklommen. Und zwar, indem er sich &#8211; zusammen mit einem ebenfalls t\u00fcrkisch-st\u00e4mmigen Kollegen &#8211; mit dem Staatsoberhaupt eines islamofaschistischen Landes dieser Erde hat fotografieren lassen. Beide sollen den in den letzten Jahren zu trauriger Popularit\u00e4t gekommenen Staatschef mit einem deutschen National-Trikot geehrt haben, auf dem wohl w\u00f6rtlich geschrieben stand: \u201eMit Respekt f\u00fcr meinen Pr\u00e4sidenten\u201c.<br \/>\nAlso wenn jemand, der deutscher Staatsb\u00fcrger ist und als National-Fu\u00dfballer eigentlich seiner gesellschaftlichen Strahlkraft bewusst sein m\u00fcsste, so etwas tut, dann ist er entweder richtig dumm, oder er hat eine offensive Agenda im Hinterkopf. Ich muss zugeben: auch mir f\u00e4llt es sehr schwer, da die richtige Analyse zu treffen.<\/p>\n<p>Ich kann mich jedoch an ein Detail der Vorgeschichte der ganzen Angelegenheit erinnern, das vielen wohl entgangen sein mag: Damals, als der besagte Sportler noch am Anfang seiner gro\u00dfen Karriere stand, bem\u00fchte sich vor allem der damalige t\u00fcrkische Nationaltrainer Fatih Terim um ihn. Ich denke, das war so um 2008 rum. Der damals noch in der deutschen U21-Nationalmannschaft spielende sagte den T\u00fcrken jedoch mit der Begr\u00fcndung ab, er wolle sich auf seine Karriere in der deutschen Nationalmannschaft konzentrieren. Das erzeugte allgemeine Begeisterung hierzulande. jedoch gab es sicher schon damals einige, die den Erfolg des damals 19-j\u00e4hrigen aus irgendeinem Grund nicht verkraften konnten. Ich komm jetzt nicht mit der Leier: &#8222;Nun mu\u00df man sich doch mal fragen, was einen solchen Fall von Musterintegration nach jahrelangem H\u00f6chsterfolg in seinem Metier zu solch einer Handlung dr\u00e4ngt?&#8220;. Nein, mach ich nicht. Das \u00fcberlasse ich den Spiegel- und SZ-KommentatorInnen mit dem richtigen kulturellen Hintergrund. Ich integrier stattdessen jetzt ostdeutsche Bierbrauer in M\u00fcnchen-Giesing.<\/p>\n<p>Eines steht jedenfalls fest! Ob er jetzt dumm, oder schlau ist: Jemand der so lange schon im Fu\u00dfball-Zirkus mith\u00fcpft, ist nicht alleine. Der hat Imageberater, Manager, etc.. Aber auch ohne deren Hilfe m\u00fcsste er eigentlich in der Lage sein, die Konsequenzen seines Handelns zu begreifen. Deswegen gehe ich von einer bewussten Entscheidung seinerseits aus. Ich denke, er wird bald zur t\u00fcrkischen Nationalmannschaft wechseln. Das wird im ersten Moment auch besser f\u00fcr ihn sein.<\/p>\n<p>Die rassistischen und beleidigenden Aussagen, die auf ihn niederprasseln finde ich im \u00fcbrigen unter aller Sau. Hier zum Beispiel ein sehr absurdes Zitat des Intendanten des Deutschen Theaters in M\u00fcnchen: &#8222;Hallo du Idiot, du hast in der deutschen Nationalmannschaft nichts zu suchen. Verpiss dich nach Anatolien&#8220;. Meine Antwort dazu: K\u00fcmmer du dich mal um ein gescheites Programm in deinem Boulevard-Puff, bevor du dein Maul aufrei\u00dft, du seniler kleiner Mittelklasseprolet!<\/p>\n<p>Aber kommen wir zur\u00fcck zu unserem Fu\u00dfballer: Ich w\u00fcnsche dem Mann trotz allem die harten Konsequenzen einer visionslosen Fehlentscheidung. Ich w\u00fcnsche mir, das der neoliberale Islamofaschopr\u00e4sident die bevorstehenden Wahlen in seinem Lande verliert und der besagte Fu\u00dfballer dann sowohl in Deutschland, als auch in diesem islamofaschistischen Land (&#8230;welches dann hoffentlich nicht wieder in einen lupenreinen kemalofaschismus zur\u00fcckf\u00e4llt, aber anderes Thema) zur Persona non Grata wird.<\/p>\n<p>Warum? Weil ich mir w\u00fcnsche, dass sich Opportunismus nicht lohnt. Wer sich auf eine Karriere in einem &#8222;Nationaltrikot&#8220; einl\u00e4sst, muss sich auf gewisse Spielregeln einstellen. Das ist nicht nur in Deutschland so. Fakt ist Fakt. Au\u00dferdem sind mir sowohl solch unsinnige Ph\u00e4nomene wie Fu\u00dfball, nationale Staatskonstrukte, als auch Nationalmannschaften und vor allen Dingen Karrieren von Fu\u00dfballern einfach egal. Es gibt wirklich wichtigeres.<\/p>\n<p>Zum Beispiel diese erstaunliche Rede des deutschen Parlamentspr\u00e4sidenten, in der er im Namen des deutschen Parlaments eine hochrangige Vertreterin der Opposition vor einer Eruption des rechten Hasses in Schutz nimmt und sich dabei ungewohnt klar positioniert: <a href=\"https:\/\/www.youtube.com\/embed\/_cA-bKl4r7s\" target=\"_blank\" rel=\"noopener\">https:\/\/www.youtube.com\/embed\/_cA-bKl4r7s<\/a>.<\/p>\n<p>Sehr skurril, aber umso weniger \u00fcberraschend ist der Austritt des Landes, in welchem die Menschenrechtscharta verfasst wurde, aus dem UN-Rat der Menschenrechte. Die Regierungssprecherin bezeichnet das Gremium als &#8222;Jauchegrube der politischen Voreingenommenheit&#8220;. Zu diesem Unrat gibt&#8217;s keinen Link.<\/p>\n<p>Eine schr\u00e4ge Nummer, die sich betrunkene Polizisten nach Feierabend in Augsburg geleistet haben (aus dem M\u00fcnchner Merkur): &#8222;Jedenfalls dr\u00fcckte der 43-j\u00e4hrige Hauptt\u00e4ter, ein Polizeioberkommissar, dem Senegalesen einen angebissenen Hamburger an die Schl\u00e4fe und rief \u201eBlack man, go home\u201c. Es sei ein Aussetzer gewesen und er sch\u00e4me sich daf\u00fcr, versuchte sich der Polizist im Gerichtssaal zu rechtfertigen&#8220;.<\/p>\n<p>Kn\u00f6delk\u00f6pfe au\u00dfer Rand und Band! Unhaltbare Zust\u00e4nde in der Fraktion der Christlich <em>(National-)<\/em>Sozial<em>(istisch)<\/em>en Union in Berlin: Es sprechen Menschen ohne Abgeordnetenmandat vor dem Plenum, interne Beschl\u00fcsse der Fraktion werden im Innenministerium vorangetrieben, ohne die Koalitionspartner zu informieren. Rechtsradikale Statements von hochrangigen Mitgliedern einer Partei, die es bisher glaubhaft geschafft hat, sich als verfassungstreu zu gerieren. Jetzt l\u00f6sen sich alle Hemmungen und ein Faschostatement nach dem anderen steigt in die Luft, wie Seifenblasen. Vor allem: ohne ersichtlichen strategischen Grund. Ich glaube den kleinkarierten Bauern aus Bayern steigt in Berlin vor lauter Machtgeilheit die Scheisse aus&#8217;m Darm in den Kopf. Deutschland verkommt allm\u00e4hlich zu einer wei\u00df-braun-blauen Kartoffelrepublik.<\/p>\n<p>Meine berechtigte Frage an alle, die bisher immer gesagt haben, so etwas wie das dritte Reich kann nie mehr wieder passieren: &#8222;Woher nehmt Ihr euch noch die Sicherheit? Oder ist es eher eine hartn\u00e4ckige Bequemlichkeit?&#8220;<\/p>\n<p>Also ich verstehe nicht, wie Ihr euch bei dem ganzen M\u00fcll noch grundnaiv f\u00fcr eine Fu\u00dfball-WM begeistern k\u00f6nnt?<\/p>\n","protected":false},"excerpt":{"rendered":"<p>Ich nenne grunds\u00e4tzlich keine Namen, sondern finde immer Umschreibungen f\u00fcr Personen, die ich nicht unterst\u00fctze. Das ist mein Beitrag zum Medienzeitalter. Keine pers\u00f6nliche Nennungen, keine Portraits, keine Links zu Seiten mit Nachrichten \u00fcber Idioten, Despoten, oder Dummk\u00f6pfe (ich habe bewusst &hellip; <a href=\"https:\/\/triptown.de\/?p=1604\">Weiterlesen <span class=\"meta-nav\">&rarr;<\/span><\/a><\/p>\n","protected":false},"author":1,"featured_media":0,"comment_status":"open","ping_status":"open","sticky":false,"template":"","format":"standard","meta":{"footnotes":""},"categories":[46],"tags":[],"class_list":["post-1604","post","type-post","status-publish","format-standard","hentry","category-essays"],"_links":{"self":[{"href":"https:\/\/triptown.de\/index.php?rest_route=\/wp\/v2\/posts\/1604","targetHints":{"allow":["GET"]}}],"collection":[{"href":"https:\/\/triptown.de\/index.php?rest_route=\/wp\/v2\/posts"}],"about":[{"href":"https:\/\/triptown.de\/index.php?rest_route=\/wp\/v2\/types\/post"}],"author":[{"embeddable":true,"href":"https:\/\/triptown.de\/index.php?rest_route=\/wp\/v2\/users\/1"}],"replies":[{"embeddable":true,"href":"https:\/\/triptown.de\/index.php?rest_route=%2Fwp%2Fv2%2Fcomments&post=1604"}],"version-history":[{"count":9,"href":"https:\/\/triptown.de\/index.php?rest_route=\/wp\/v2\/posts\/1604\/revisions"}],"predecessor-version":[{"id":1625,"href":"https:\/\/triptown.de\/index.php?rest_route=\/wp\/v2\/posts\/1604\/revisions\/1625"}],"wp:attachment":[{"href":"https:\/\/triptown.de\/index.php?rest_route=%2Fwp%2Fv2%2Fmedia&parent=1604"}],"wp:term":[{"taxonomy":"category","embeddable":true,"href":"https:\/\/triptown.de\/index.php?rest_route=%2Fwp%2Fv2%2Fcategories&post=1604"},{"taxonomy":"post_tag","embeddable":true,"href":"https:\/\/triptown.de\/index.php?rest_route=%2Fwp%2Fv2%2Ftags&post=1604"}],"curies":[{"name":"wp","href":"https:\/\/api.w.org\/{rel}","templated":true}]}}